{"id":510,"date":"2026-08-31T08:02:00","date_gmt":"2026-08-31T08:02:00","guid":{"rendered":"https:\/\/silviaescobar.com\/?p=510"},"modified":"2026-08-26T17:27:37","modified_gmt":"2026-08-26T17:27:37","slug":"do-our-words-really-have-power","status":"publish","type":"post","link":"https:\/\/silviaescobar.com\/es\/do-our-words-really-have-power\/","title":{"rendered":"\u00bfDe verdad tienen poder nuestras palabras?"},"content":{"rendered":"<p class=\"wp-block-paragraph\">Como persona de fe, tengo un tiempo a solas cada d\u00eda en el que escribo en un diario sobre la lectura del d\u00eda. El libro de Proverbios es uno de mis favoritos para reflexionar y escribir. Est\u00e1 lleno de sabidur\u00eda y de pasos pr\u00e1cticos. Por ejemplo, Proverbios 15:4 dice: \u201cLa lengua que brinda alivio es \u00e1rbol de vida; la lengua perversa deprime el esp\u00edritu.\u201d Este proverbio presenta un contraste poderoso: nuestras palabras pueden dar vida o destruirla silenciosamente. En una sola frase, se nos recuerda que la lengua tiene una influencia incre\u00edble sobre la salud emocional y espiritual de los dem\u00e1s. Aqu\u00ed hay tres ense\u00f1anzas pr\u00e1cticas que podemos vivir diariamente:<\/p>\n\n\n\n<ol class=\"wp-block-list\">\n<li class=\"\"><strong>Elija palabras que sanen, no solo palabras que sean verdaderas.<\/strong><br>Mis hijos y yo sol\u00edamos ver una pel\u00edcula llamada \u201cAnne of Green Gables\u201d. En ella hay una mujer mayor que dice todo lo que piensa, sin importar a qui\u00e9n lastime. Cuando alguien le reclama, responde: \u201cEn este pueblo se me conoce como una mujer que dice lo que piensa. No debes molestarte.\u201d Es f\u00e1cil justificar la dureza diciendo: \u201cSolo estoy siendo honesta.\u201d Pero este vers\u00edculo nos desaf\u00eda a ir m\u00e1s all\u00e1. Las palabras que sanan no solo son verdaderas: tambi\u00e9n son consideradas, oportunas y amables. Antes de hablar, preg\u00fantese: \u00bfesto edificar\u00e1 o destruir\u00e1? La misma verdad puede comunicarse de una manera que restaure en lugar de herir. El tono, el momento y la intenci\u00f3n importan tanto como el contenido.<\/li>\n\n\n\n<li class=\"\"><strong>Reconozca el impacto duradero de sus palabras.<\/strong><br>Un \u201c\u00e1rbol de vida\u201d no es algo temporal: crece, da sombra, produce fruto y sostiene la vida con el tiempo. De la misma manera, las palabras de \u00e1nimo pueden acompa\u00f1ar a alguien durante a\u00f1os. Por otro lado, las palabras enga\u00f1osas o descuidadas pueden \u201cquebrantar el esp\u00edritu\u201d, dejando heridas profundas y duraderas. Esto nos recuerda que las conversaciones diarias\u2014en casa, con amistades, con nuestros hijos e hijas\u2014son oportunidades para sembrar algo que crecer\u00e1. Lo que decimos hoy puede moldear la confianza, la identidad o la esperanza de alguien ma\u00f1ana.<\/li>\n\n\n\n<li class=\"\"><strong>Practique la integridad en su manera de hablar.<\/strong><br>Una lengua enga\u00f1osa no solo implica mentir; tambi\u00e9n incluye exagerar, manipular, chismear o decir una cosa mientras se quiere decir otra. La integridad en nuestras palabras construye confianza y seguridad en las relaciones. Cuando las personas saben que nuestras palabras son honestas y consistentes, nuestra voz se convierte en una fuente de vida. Pero cuando nuestras palabras no son confiables, generan confusi\u00f3n y dolor. En la pr\u00e1ctica, esto significa cuidar lo que repetimos, resistir el impulso de hablar desde la emoci\u00f3n y alinear nuestras palabras con la verdad y el amor. Una pr\u00e1ctica muy \u00fatil que me ayuda es preguntarme: \u201c\u00bfC\u00f3mo me sentir\u00eda si alguien me hablara de esa manera? O me dijera lo que estoy a punto de decir?\u201d<\/li>\n<\/ol>\n\n\n\n<p class=\"wp-block-paragraph\">En un mundo donde las palabras son constantes y muchas veces descuidadas, Proverbios 15:4 nos llama a algo m\u00e1s elevado. Cada conversaci\u00f3n es una elecci\u00f3n: ser una fuente de vida o una fuente de da\u00f1o. Cuando nos detenemos a considerar nuestras palabras y mostramos empat\u00eda por la persona con la que hablamos, tenemos la oportunidad de traer sanidad y vida\u2026porque nuestras palabras si tienen poder.<\/p>","protected":false},"excerpt":{"rendered":"<p>As a person of faith, I have a quiet time every day in which I journal the reading of the day. The Book of Proverbs is one of my favorite books to journal about. It is full of wisdom and practical steps. For example, Proverbs 15:4 says, \u201cThe tongue that brings healing is a tree&hellip; <a class=\"more-link\" href=\"https:\/\/silviaescobar.com\/es\/do-our-words-really-have-power\/\">Seguir leyendo <span class=\"screen-reader-text\">\u00bfDe verdad tienen poder nuestras palabras?<\/span><\/a><\/p>","protected":false},"author":1,"featured_media":505,"comment_status":"open","ping_status":"open","sticky":false,"template":"","format":"standard","meta":{"nf_dc_page":"","om_disable_all_campaigns":false,"_monsterinsights_skip_tracking":false,"_jetpack_newsletter_access":"","_jetpack_dont_email_post_to_subs":false,"_jetpack_newsletter_tier_id":0,"_jetpack_memberships_contains_paywalled_content":false,"_jetpack_memberships_contains_paid_content":false,"footnotes":""},"categories":[1],"tags":[],"class_list":["post-510","post","type-post","status-publish","format-standard","has-post-thumbnail","hentry","category-uncategorized","entry"],"yoast_head":"<!-- This site is optimized with the Yoast SEO plugin v28.4 - https:\/\/yoast.com\/product\/yoast-seo-wordpress\/ -->\n<title>Do our words really have power? - Coffee Time Reflections with Silvia Escobar<\/title>\n<meta name=\"robots\" content=\"index, follow, max-snippet:-1, max-image-preview:large, max-video-preview:-1\" \/>\n<link rel=\"canonical\" href=\"https:\/\/silviaescobar.com\/es\/do-our-words-really-have-power\/\" \/>\n<meta property=\"og:locale\" content=\"es_MX\" \/>\n<meta property=\"og:type\" content=\"article\" \/>\n<meta property=\"og:title\" content=\"Do our words really have power? - Coffee Time Reflections with Silvia Escobar\" \/>\n<meta property=\"og:description\" content=\"As a person of faith, I have a quiet time every day in which I journal the reading of the day. The Book of Proverbs is one of my favorite books to journal about. It is full of wisdom and practical steps. For example, Proverbs 15:4 says, \u201cThe tongue that brings healing is a tree&hellip; Seguir leyendo Do our words really have power?\" \/>\n<meta property=\"og:url\" content=\"https:\/\/silviaescobar.com\/es\/do-our-words-really-have-power\/\" \/>\n<meta property=\"og:site_name\" content=\"Coffee Time Reflections with Silvia Escobar\" \/>\n<meta property=\"article:published_time\" content=\"2026-08-31T08:02:00+00:00\" \/>\n<meta property=\"og:image\" content=\"https:\/\/i0.wp.com\/silviaescobar.com\/wp-content\/uploads\/2026\/08\/db0d0063-f6ea-ab51-88df-630a0f98d3eb-scaled.jpg?fit=2560%2C1440&ssl=1\" \/>\n\t<meta property=\"og:image:width\" content=\"2560\" \/>\n\t<meta property=\"og:image:height\" content=\"1440\" \/>\n\t<meta property=\"og:image:type\" content=\"image\/jpeg\" \/>\n<meta name=\"author\" content=\"Silvia\" \/>\n<meta name=\"twitter:card\" content=\"summary_large_image\" \/>\n<meta name=\"twitter:label1\" content=\"Escrito por\" \/>\n\t<meta name=\"twitter:data1\" content=\"Silvia\" \/>\n\t<meta name=\"twitter:label2\" content=\"Tiempo de lectura\" \/>\n\t<meta name=\"twitter:data2\" content=\"3 minutos\" \/>\n<script type=\"application\/ld+json\" class=\"yoast-schema-graph\">{\"@context\":\"https:\\\/\\\/schema.org\",\"@graph\":[{\"@type\":\"Article\",\"@id\":\"https:\\\/\\\/silviaescobar.com\\\/do-our-words-really-have-power\\\/#article\",\"isPartOf\":{\"@id\":\"https:\\\/\\\/silviaescobar.com\\\/do-our-words-really-have-power\\\/\"},\"author\":{\"name\":\"Silvia\",\"@id\":\"https:\\\/\\\/silviaescobar.com\\\/#\\\/schema\\\/person\\\/49810bf453ca57ce1e832a0313503a41\"},\"headline\":\"Do our words really have power?\",\"datePublished\":\"2026-08-31T08:02:00+00:00\",\"mainEntityOfPage\":{\"@id\":\"https:\\\/\\\/silviaescobar.com\\\/do-our-words-really-have-power\\\/\"},\"wordCount\":521,\"commentCount\":0,\"image\":{\"@id\":\"https:\\\/\\\/silviaescobar.com\\\/do-our-words-really-have-power\\\/#primaryimage\"},\"thumbnailUrl\":\"https:\\\/\\\/i0.wp.com\\\/silviaescobar.com\\\/wp-content\\\/uploads\\\/2026\\\/08\\\/db0d0063-f6ea-ab51-88df-630a0f98d3eb-scaled.jpg?fit=2560%2C1440&ssl=1\",\"articleSection\":[\"Uncategorized\"],\"inLanguage\":\"es\",\"potentialAction\":[{\"@type\":\"CommentAction\",\"name\":\"Comment\",\"target\":[\"https:\\\/\\\/silviaescobar.com\\\/do-our-words-really-have-power\\\/#respond\"]}]},{\"@type\":\"WebPage\",\"@id\":\"https:\\\/\\\/silviaescobar.com\\\/do-our-words-really-have-power\\\/\",\"url\":\"https:\\\/\\\/silviaescobar.com\\\/do-our-words-really-have-power\\\/\",\"name\":\"Do our words really have power? - Coffee Time Reflections with Silvia Escobar\",\"isPartOf\":{\"@id\":\"https:\\\/\\\/silviaescobar.com\\\/#website\"},\"primaryImageOfPage\":{\"@id\":\"https:\\\/\\\/silviaescobar.com\\\/do-our-words-really-have-power\\\/#primaryimage\"},\"image\":{\"@id\":\"https:\\\/\\\/silviaescobar.com\\\/do-our-words-really-have-power\\\/#primaryimage\"},\"thumbnailUrl\":\"https:\\\/\\\/i0.wp.com\\\/silviaescobar.com\\\/wp-content\\\/uploads\\\/2026\\\/08\\\/db0d0063-f6ea-ab51-88df-630a0f98d3eb-scaled.jpg?fit=2560%2C1440&ssl=1\",\"datePublished\":\"2026-08-31T08:02:00+00:00\",\"author\":{\"@id\":\"https:\\\/\\\/silviaescobar.com\\\/#\\\/schema\\\/person\\\/49810bf453ca57ce1e832a0313503a41\"},\"breadcrumb\":{\"@id\":\"https:\\\/\\\/silviaescobar.com\\\/do-our-words-really-have-power\\\/#breadcrumb\"},\"inLanguage\":\"es\",\"potentialAction\":[{\"@type\":\"ReadAction\",\"target\":[\"https:\\\/\\\/silviaescobar.com\\\/do-our-words-really-have-power\\\/\"]}]},{\"@type\":\"ImageObject\",\"inLanguage\":\"es\",\"@id\":\"https:\\\/\\\/silviaescobar.com\\\/do-our-words-really-have-power\\\/#primaryimage\",\"url\":\"https:\\\/\\\/i0.wp.com\\\/silviaescobar.com\\\/wp-content\\\/uploads\\\/2026\\\/08\\\/db0d0063-f6ea-ab51-88df-630a0f98d3eb-scaled.jpg?fit=2560%2C1440&ssl=1\",\"contentUrl\":\"https:\\\/\\\/i0.wp.com\\\/silviaescobar.com\\\/wp-content\\\/uploads\\\/2026\\\/08\\\/db0d0063-f6ea-ab51-88df-630a0f98d3eb-scaled.jpg?fit=2560%2C1440&ssl=1\",\"width\":2560,\"height\":1440},{\"@type\":\"BreadcrumbList\",\"@id\":\"https:\\\/\\\/silviaescobar.com\\\/do-our-words-really-have-power\\\/#breadcrumb\",\"itemListElement\":[{\"@type\":\"ListItem\",\"position\":1,\"name\":\"Home\",\"item\":\"https:\\\/\\\/silviaescobar.com\\\/\"},{\"@type\":\"ListItem\",\"position\":2,\"name\":\"Do our words really have power?\"}]},{\"@type\":\"WebSite\",\"@id\":\"https:\\\/\\\/silviaescobar.com\\\/#website\",\"url\":\"https:\\\/\\\/silviaescobar.com\\\/\",\"name\":\"Coffee Time Reflections with Silvia Escobar\",\"description\":\"When the right and opportune moment comes for speaking, say something that will edify. ~Thomas a Kempis\",\"potentialAction\":[{\"@type\":\"SearchAction\",\"target\":{\"@type\":\"EntryPoint\",\"urlTemplate\":\"https:\\\/\\\/silviaescobar.com\\\/?s={search_term_string}\"},\"query-input\":{\"@type\":\"PropertyValueSpecification\",\"valueRequired\":true,\"valueName\":\"search_term_string\"}}],\"inLanguage\":\"es\"},{\"@type\":\"Person\",\"@id\":\"https:\\\/\\\/silviaescobar.com\\\/#\\\/schema\\\/person\\\/49810bf453ca57ce1e832a0313503a41\",\"name\":\"Silvia\",\"image\":{\"@type\":\"ImageObject\",\"inLanguage\":\"es\",\"@id\":\"https:\\\/\\\/secure.gravatar.com\\\/avatar\\\/c2a0a36bfb688168479f2fe7134904a38c6b664a654103ab5d2542394c596b78?s=96&d=mm&r=g\",\"url\":\"https:\\\/\\\/secure.gravatar.com\\\/avatar\\\/c2a0a36bfb688168479f2fe7134904a38c6b664a654103ab5d2542394c596b78?s=96&d=mm&r=g\",\"contentUrl\":\"https:\\\/\\\/secure.gravatar.com\\\/avatar\\\/c2a0a36bfb688168479f2fe7134904a38c6b664a654103ab5d2542394c596b78?s=96&d=mm&r=g\",\"caption\":\"Silvia\"},\"url\":\"https:\\\/\\\/silviaescobar.com\\\/es\\\/author\\\/silviaescobar24\\\/\"}]}<\/script>\n<!-- \/ Yoast SEO plugin. -->","yoast_head_json":{"title":"Do our words really have power? - Coffee Time Reflections with Silvia Escobar","robots":{"index":"index","follow":"follow","max-snippet":"max-snippet:-1","max-image-preview":"max-image-preview:large","max-video-preview":"max-video-preview:-1"},"canonical":"https:\/\/silviaescobar.com\/es\/do-our-words-really-have-power\/","og_locale":"es_MX","og_type":"article","og_title":"Do our words really have power? - Coffee Time Reflections with Silvia Escobar","og_description":"As a person of faith, I have a quiet time every day in which I journal the reading of the day. The Book of Proverbs is one of my favorite books to journal about. It is full of wisdom and practical steps. For example, Proverbs 15:4 says, \u201cThe tongue that brings healing is a tree&hellip; Seguir leyendo Do our words really have power?","og_url":"https:\/\/silviaescobar.com\/es\/do-our-words-really-have-power\/","og_site_name":"Coffee Time Reflections with Silvia Escobar","article_published_time":"2026-08-31T08:02:00+00:00","og_image":[{"width":2560,"height":1440,"url":"https:\/\/i0.wp.com\/silviaescobar.com\/wp-content\/uploads\/2026\/08\/db0d0063-f6ea-ab51-88df-630a0f98d3eb-scaled.jpg?fit=2560%2C1440&ssl=1","type":"image\/jpeg"}],"author":"Silvia","twitter_card":"summary_large_image","twitter_misc":{"Escrito por":"Silvia","Tiempo de lectura":"3 minutos"},"schema":{"@context":"https:\/\/schema.org","@graph":[{"@type":"Article","@id":"https:\/\/silviaescobar.com\/do-our-words-really-have-power\/#article","isPartOf":{"@id":"https:\/\/silviaescobar.com\/do-our-words-really-have-power\/"},"author":{"name":"Silvia","@id":"https:\/\/silviaescobar.com\/#\/schema\/person\/49810bf453ca57ce1e832a0313503a41"},"headline":"Do our words really have power?","datePublished":"2026-08-31T08:02:00+00:00","mainEntityOfPage":{"@id":"https:\/\/silviaescobar.com\/do-our-words-really-have-power\/"},"wordCount":521,"commentCount":0,"image":{"@id":"https:\/\/silviaescobar.com\/do-our-words-really-have-power\/#primaryimage"},"thumbnailUrl":"https:\/\/i0.wp.com\/silviaescobar.com\/wp-content\/uploads\/2026\/08\/db0d0063-f6ea-ab51-88df-630a0f98d3eb-scaled.jpg?fit=2560%2C1440&ssl=1","articleSection":["Uncategorized"],"inLanguage":"es","potentialAction":[{"@type":"CommentAction","name":"Comment","target":["https:\/\/silviaescobar.com\/do-our-words-really-have-power\/#respond"]}]},{"@type":"WebPage","@id":"https:\/\/silviaescobar.com\/do-our-words-really-have-power\/","url":"https:\/\/silviaescobar.com\/do-our-words-really-have-power\/","name":"Do our words really have power? - Coffee Time Reflections with Silvia Escobar","isPartOf":{"@id":"https:\/\/silviaescobar.com\/#website"},"primaryImageOfPage":{"@id":"https:\/\/silviaescobar.com\/do-our-words-really-have-power\/#primaryimage"},"image":{"@id":"https:\/\/silviaescobar.com\/do-our-words-really-have-power\/#primaryimage"},"thumbnailUrl":"https:\/\/i0.wp.com\/silviaescobar.com\/wp-content\/uploads\/2026\/08\/db0d0063-f6ea-ab51-88df-630a0f98d3eb-scaled.jpg?fit=2560%2C1440&ssl=1","datePublished":"2026-08-31T08:02:00+00:00","author":{"@id":"https:\/\/silviaescobar.com\/#\/schema\/person\/49810bf453ca57ce1e832a0313503a41"},"breadcrumb":{"@id":"https:\/\/silviaescobar.com\/do-our-words-really-have-power\/#breadcrumb"},"inLanguage":"es","potentialAction":[{"@type":"ReadAction","target":["https:\/\/silviaescobar.com\/do-our-words-really-have-power\/"]}]},{"@type":"ImageObject","inLanguage":"es","@id":"https:\/\/silviaescobar.com\/do-our-words-really-have-power\/#primaryimage","url":"https:\/\/i0.wp.com\/silviaescobar.com\/wp-content\/uploads\/2026\/08\/db0d0063-f6ea-ab51-88df-630a0f98d3eb-scaled.jpg?fit=2560%2C1440&ssl=1","contentUrl":"https:\/\/i0.wp.com\/silviaescobar.com\/wp-content\/uploads\/2026\/08\/db0d0063-f6ea-ab51-88df-630a0f98d3eb-scaled.jpg?fit=2560%2C1440&ssl=1","width":2560,"height":1440},{"@type":"BreadcrumbList","@id":"https:\/\/silviaescobar.com\/do-our-words-really-have-power\/#breadcrumb","itemListElement":[{"@type":"ListItem","position":1,"name":"Home","item":"https:\/\/silviaescobar.com\/"},{"@type":"ListItem","position":2,"name":"Do our words really have power?"}]},{"@type":"WebSite","@id":"https:\/\/silviaescobar.com\/#website","url":"https:\/\/silviaescobar.com\/","name":"Coffee Time Reflections with Silvia Escobar","description":"When the right and opportune moment comes for speaking, say something that will edify. ~Thomas a Kempis","potentialAction":[{"@type":"SearchAction","target":{"@type":"EntryPoint","urlTemplate":"https:\/\/silviaescobar.com\/?s={search_term_string}"},"query-input":{"@type":"PropertyValueSpecification","valueRequired":true,"valueName":"search_term_string"}}],"inLanguage":"es"},{"@type":"Person","@id":"https:\/\/silviaescobar.com\/#\/schema\/person\/49810bf453ca57ce1e832a0313503a41","name":"Silvia","image":{"@type":"ImageObject","inLanguage":"es","@id":"https:\/\/secure.gravatar.com\/avatar\/c2a0a36bfb688168479f2fe7134904a38c6b664a654103ab5d2542394c596b78?s=96&d=mm&r=g","url":"https:\/\/secure.gravatar.com\/avatar\/c2a0a36bfb688168479f2fe7134904a38c6b664a654103ab5d2542394c596b78?s=96&d=mm&r=g","contentUrl":"https:\/\/secure.gravatar.com\/avatar\/c2a0a36bfb688168479f2fe7134904a38c6b664a654103ab5d2542394c596b78?s=96&d=mm&r=g","caption":"Silvia"},"url":"https:\/\/silviaescobar.com\/es\/author\/silviaescobar24\/"}]}},"jetpack_sharing_enabled":true,"jetpack_featured_media_url":"https:\/\/i0.wp.com\/silviaescobar.com\/wp-content\/uploads\/2026\/08\/db0d0063-f6ea-ab51-88df-630a0f98d3eb-scaled.jpg?fit=2560%2C1440&ssl=1","_links":{"self":[{"href":"https:\/\/silviaescobar.com\/es\/wp-json\/wp\/v2\/posts\/510","targetHints":{"allow":["GET"]}}],"collection":[{"href":"https:\/\/silviaescobar.com\/es\/wp-json\/wp\/v2\/posts"}],"about":[{"href":"https:\/\/silviaescobar.com\/es\/wp-json\/wp\/v2\/types\/post"}],"author":[{"embeddable":true,"href":"https:\/\/silviaescobar.com\/es\/wp-json\/wp\/v2\/users\/1"}],"replies":[{"embeddable":true,"href":"https:\/\/silviaescobar.com\/es\/wp-json\/wp\/v2\/comments?post=510"}],"version-history":[{"count":1,"href":"https:\/\/silviaescobar.com\/es\/wp-json\/wp\/v2\/posts\/510\/revisions"}],"predecessor-version":[{"id":511,"href":"https:\/\/silviaescobar.com\/es\/wp-json\/wp\/v2\/posts\/510\/revisions\/511"}],"wp:featuredmedia":[{"embeddable":true,"href":"https:\/\/silviaescobar.com\/es\/wp-json\/wp\/v2\/media\/505"}],"wp:attachment":[{"href":"https:\/\/silviaescobar.com\/es\/wp-json\/wp\/v2\/media?parent=510"}],"wp:term":[{"taxonomy":"category","embeddable":true,"href":"https:\/\/silviaescobar.com\/es\/wp-json\/wp\/v2\/categories?post=510"},{"taxonomy":"post_tag","embeddable":true,"href":"https:\/\/silviaescobar.com\/es\/wp-json\/wp\/v2\/tags?post=510"}],"curies":[{"name":"wp","href":"https:\/\/api.w.org\/{rel}","templated":true}]}}